{"id":4405,"date":"2025-12-17T11:22:53","date_gmt":"2025-12-17T11:22:53","guid":{"rendered":"https:\/\/expressomanini.com.br\/pacote-para-copa-do-mundo\/?p=4405"},"modified":"2025-12-17T19:50:58","modified_gmt":"2025-12-17T19:50:58","slug":"o-brasil-ficou-na-costa-leste-otimize-sua-copa-com-a-estrategia-trilho-asas","status":"publish","type":"post","link":"https:\/\/expressomanini.com.br\/pacote-para-copa-do-mundo\/o-brasil-ficou-na-costa-leste-otimize-sua-copa-com-a-estrategia-trilho-asas\/","title":{"rendered":"O Brasil Ficou na Costa Leste! Otimize sua Copa com a Estrat\u00e9gia &#8220;Trilho &#038; Asas&#8221;"},"content":{"rendered":"\t\t<div data-elementor-type=\"wp-post\" data-elementor-id=\"4405\" class=\"elementor elementor-4405\">\n\t\t\t\t<div class=\"elementor-element elementor-element-17c142c e-flex e-con-boxed wpr-particle-no wpr-jarallax-no wpr-parallax-no wpr-sticky-section-no e-con e-parent\" data-id=\"17c142c\" data-element_type=\"container\">\n\t\t\t\t\t<div class=\"e-con-inner\">\n\t\t\t\t<div class=\"elementor-element elementor-element-0387373 elementor-widget__width-initial wpr-post-info-align-center elementor-widget elementor-widget-wpr-post-info\" data-id=\"0387373\" data-element_type=\"widget\" data-widget_type=\"wpr-post-info.default\">\n\t\t\t\t\t<ul class=\"wpr-post-info wpr-post-info-vertical\"><li class=\"wpr-post-info-date\"><span>17\/12\/2025<\/span><\/li><li class=\"wpr-post-info-time\"><span>11:22<\/span><\/li><li class=\"wpr-post-info-author\"><span>Barbara Moreira Salles<\/span><\/li><\/ul>\t\t\t\t<\/div>\n\t\t\t\t<div class=\"elementor-element elementor-element-42c82ca elementor-widget elementor-widget-text-editor\" data-id=\"42c82ca\" data-element_type=\"widget\" data-widget_type=\"text-editor.default\">\n\t\t\t\t\t\t\t\t\t<p><a href=\"https:\/\/www.vaidepromo.com.br\/?utm_medium=afiliado&amp;pcrid=12862&amp;utm_source=banner&amp;pcrtt=parceiros_banner155\" target=\"_blank\" rel=\"noopener\"><br \/><img fetchpriority=\"high\" decoding=\"async\" style=\"height: 100px; width: 908px;\" src=\"https:\/\/storage.googleapis.com\/parceirospromo\/content\/banner\/fa763611-3b97-4878-825c-5fbc19263fc6\/Passagens-a\u00e9reas-para-o-Nordeste758-X-90-Nordeste.png\" alt=\"VDP - AEREO NORDESTE\" width=\"758\" height=\"90\" border=\"0\" \/><br \/><\/a><\/p>\t\t\t\t\t\t\t\t<\/div>\n\t\t\t\t\t<\/div>\n\t\t\t\t<\/div>\n\t\t<div class=\"elementor-element elementor-element-5033671 e-flex e-con-boxed wpr-particle-no wpr-jarallax-no wpr-parallax-no wpr-sticky-section-no e-con e-parent\" data-id=\"5033671\" data-element_type=\"container\">\n\t\t\t\t\t<div class=\"e-con-inner\">\n\t\t<div class=\"elementor-element elementor-element-e22d8c5 e-con-full e-flex wpr-particle-no wpr-jarallax-no wpr-parallax-no wpr-sticky-section-no e-con e-child\" data-id=\"e22d8c5\" data-element_type=\"container\">\n\t\t\t\t<div class=\"elementor-element elementor-element-3907dd8 elementor-widget elementor-widget-image\" data-id=\"3907dd8\" data-element_type=\"widget\" data-widget_type=\"image.default\">\n\t\t\t\t\t\t\t\t\t\t\t\t\t\t\t<img decoding=\"async\" width=\"960\" height=\"720\" src=\"https:\/\/expressomanini.com.br\/pacote-para-copa-do-mundo\/wp-content\/uploads\/2025\/12\/upscalemedia-transformed-1-1024x768.webp\" class=\"attachment-large size-large wp-image-6167\" alt=\"Para acessibilidade e leitura de imagem pelo Google: &quot;Foto em plano pr\u00f3ximo do trof\u00e9u dourado da Copa do Mundo FIFA sobre um pedestal preto com a inscri\u00e7\u00e3o &#039;FIFA World Cup 26 Winner&#039;s Trophy&#039;. Ao fundo, v\u00ea-se a arquibancada de um est\u00e1dio com assentos azuis e, no horizonte, grandes montanhas sob um c\u00e9u de entardecer.&quot;\" srcset=\"https:\/\/expressomanini.com.br\/pacote-para-copa-do-mundo\/wp-content\/uploads\/2025\/12\/upscalemedia-transformed-1-1024x768.webp 1024w, https:\/\/expressomanini.com.br\/pacote-para-copa-do-mundo\/wp-content\/uploads\/2025\/12\/upscalemedia-transformed-1-300x225.webp 300w, https:\/\/expressomanini.com.br\/pacote-para-copa-do-mundo\/wp-content\/uploads\/2025\/12\/upscalemedia-transformed-1-768x576.webp 768w, https:\/\/expressomanini.com.br\/pacote-para-copa-do-mundo\/wp-content\/uploads\/2025\/12\/upscalemedia-transformed-1-1536x1152.webp 1536w, https:\/\/expressomanini.com.br\/pacote-para-copa-do-mundo\/wp-content\/uploads\/2025\/12\/upscalemedia-transformed-1.webp 1600w\" sizes=\"(max-width: 960px) 100vw, 960px\" \/>\t\t\t\t\t\t\t\t\t\t\t\t\t\t\t<\/div>\n\t\t\t\t<\/div>\n\t\t<div class=\"elementor-element elementor-element-d65d9f8 e-con-full e-flex wpr-particle-no wpr-jarallax-no wpr-parallax-no wpr-sticky-section-no e-con e-child\" data-id=\"d65d9f8\" data-element_type=\"container\">\n\t\t\t\t<div class=\"elementor-element elementor-element-f38dc5a elementor-widget elementor-widget-heading\" data-id=\"f38dc5a\" data-element_type=\"widget\" data-widget_type=\"heading.default\">\n\t\t\t\t\t<h1 class=\"elementor-heading-title elementor-size-default\">O Brasil Ficou na Costa Leste! Otimize sua Copa com a Estrat\u00e9gia \"Trilho &amp; Asas\"<\/h1>\t\t\t\t<\/div>\n\t\t\t\t<div class=\"elementor-element elementor-element-5fc4bb7 elementor-drop-cap-yes elementor-drop-cap-view-default elementor-widget elementor-widget-text-editor\" data-id=\"5fc4bb7\" data-element_type=\"widget\" data-settings=\"{&quot;drop_cap&quot;:&quot;yes&quot;}\" data-widget_type=\"text-editor.default\">\n\t\t\t\t\t\t\t\t\t<p>Acabou o mist\u00e9rio! O sorteio da <a href=\"https:\/\/expressomanini.com.br\/pacote-para-copa-do-mundo\/\"><strong>Copa do Mundo FIFA 2026\u2122<\/strong><\/a> colocou o Brasil no <b>Grupo C<\/b>, confirmando um dos roteiros mais desejados pelos torcedores: a <b>Costa Leste Americana<\/b>.<\/p>\t\t\t\t\t\t\t\t<\/div>\n\t\t\t\t<div class=\"elementor-element elementor-element-28cce6c elementor-widget elementor-widget-text-editor\" data-id=\"28cce6c\" data-element_type=\"widget\" data-widget_type=\"text-editor.default\">\n\t\t\t\t\t\t\t\t\t<p>Diferente de sele\u00e7\u00f5es que cruzar\u00e3o o continente com fusos hor\u00e1rios complexos, a nossa log\u00edstica ser\u00e1 compacta e eficiente \u2014 se voc\u00ea souber o que est\u00e1 fazendo. A chave para n\u00e3o perder tempo (e paci\u00eancia) em engarrafamentos \u00e9 a nossa estrat\u00e9gia exclusiva <b>&#8220;Trilho &amp; Asas&#8221;<\/b>.<\/p>\t\t\t\t\t\t\t\t<\/div>\n\t\t\t\t<\/div>\n\t\t\t\t\t<\/div>\n\t\t\t\t<\/div>\n\t\t<div class=\"elementor-element elementor-element-eb624d9 e-flex e-con-boxed wpr-particle-no wpr-jarallax-no wpr-parallax-no wpr-sticky-section-no e-con e-parent\" data-id=\"eb624d9\" data-element_type=\"container\">\n\t\t\t\t\t<div class=\"e-con-inner\">\n\t\t<div class=\"elementor-element elementor-element-1b8fdea e-con-full e-flex wpr-particle-no wpr-jarallax-no wpr-parallax-no wpr-sticky-section-no e-con e-child\" data-id=\"1b8fdea\" data-element_type=\"container\">\n\t\t\t\t<div class=\"elementor-element elementor-element-6c90bf4 elementor-widget elementor-widget-heading\" data-id=\"6c90bf4\" data-element_type=\"widget\" data-widget_type=\"heading.default\">\n\t\t\t\t\t<h2 class=\"elementor-heading-title elementor-size-default\">Confira o roteiro da Primeira Fase e as \"Sacadas de Mestre\" que preparamos para cada parada:<\/h2>\t\t\t\t<\/div>\n\t\t\t\t<div class=\"elementor-element elementor-element-e28a967 elementor-widget elementor-widget-text-editor\" data-id=\"e28a967\" data-element_type=\"widget\" data-widget_type=\"text-editor.default\">\n\t\t\t\t\t\t\t\t\t<h3><strong>\ud83d\udcc5 13\/06: Brasil vs. Marrocos (Abertura de Luxo)<\/strong><\/h3>\t\t\t\t\t\t\t\t<\/div>\n\t\t\t\t<div class=\"elementor-element elementor-element-4e51942 elementor-widget elementor-widget-text-editor\" data-id=\"4e51942\" data-element_type=\"widget\" data-widget_type=\"text-editor.default\">\n\t\t\t\t\t\t\t\t\t<ul><li><p data-path-to-node=\"7,0,0\"><b>Onde:<\/b> Nova York\/Nova Jersey \u2014 MetLife Stadium.<\/p><\/li><li><p data-path-to-node=\"7,1,0\"><span data-path-to-node=\"7,1,0,0\"><b>O Cen\u00e1rio:<\/b> A estreia ser\u00e1 no palco da Grande Final da Copa. A demanda ser\u00e1 absurda, especialmente com a torcida marroquina presente em peso na regi\u00e3o.<\/span><\/p><div class=\"source-inline-chip-container ng-star-inserted\">\u00a0<\/div><div class=\"source-inline-chip-container ng-star-inserted\">\u00a0<\/div><\/li><li><p data-path-to-node=\"7,2,0\"><span data-path-to-node=\"7,2,0,0\"><b>A Sacada de Mestre:<\/b> N\u00e3o tente ir de carro para o est\u00e1dio! O tr\u00e2nsito no Lincoln Tunnel e nos arredores de East Rutherford \u00e9 not\u00f3rio. A melhor op\u00e7\u00e3o \u00e9 o trem da <b>NJ Transit<\/b> saindo da Penn Station (NY) ou a hospedagem estrat\u00e9gica em Secaucus, que fica a uma esta\u00e7\u00e3o de dist\u00e2ncia do est\u00e1dio, economizando tempo e dinheiro.<\/span><\/p><\/li><\/ul>\t\t\t\t\t\t\t\t<\/div>\n\t\t\t\t<\/div>\n\t\t<div class=\"elementor-element elementor-element-9ebc51c e-con-full e-flex wpr-particle-no wpr-jarallax-no wpr-parallax-no wpr-sticky-section-no e-con e-child\" data-id=\"9ebc51c\" data-element_type=\"container\">\n\t\t\t\t<div class=\"elementor-element elementor-element-245c269 elementor-widget elementor-widget-image\" data-id=\"245c269\" data-element_type=\"widget\" data-widget_type=\"image.default\">\n\t\t\t\t\t\t\t\t\t\t\t\t\t\t\t<img decoding=\"async\" width=\"960\" height=\"539\" src=\"https:\/\/expressomanini.com.br\/pacote-para-copa-do-mundo\/wp-content\/uploads\/2022\/09\/copa-do-mundo-2026-1024x575.webp\" class=\"attachment-large size-large wp-image-6188\" alt=\"Trof\u00e9u dourado da Copa do Mundo FIFA posicionado em destaque sobre um suporte branco. Ao fundo, ocupando toda a largura da imagem, est\u00e3o as bandeiras nacionais do Canad\u00e1 (esquerda), M\u00e9xico (centro) e Estados Unidos (direita), representando os pa\u00edses-sede do torneio de 2026.\" srcset=\"https:\/\/expressomanini.com.br\/pacote-para-copa-do-mundo\/wp-content\/uploads\/2022\/09\/copa-do-mundo-2026-1024x575.webp 1024w, https:\/\/expressomanini.com.br\/pacote-para-copa-do-mundo\/wp-content\/uploads\/2022\/09\/copa-do-mundo-2026-300x169.webp 300w, https:\/\/expressomanini.com.br\/pacote-para-copa-do-mundo\/wp-content\/uploads\/2022\/09\/copa-do-mundo-2026-768x431.webp 768w, https:\/\/expressomanini.com.br\/pacote-para-copa-do-mundo\/wp-content\/uploads\/2022\/09\/copa-do-mundo-2026-1536x863.webp 1536w, https:\/\/expressomanini.com.br\/pacote-para-copa-do-mundo\/wp-content\/uploads\/2022\/09\/copa-do-mundo-2026-2048x1150.webp 2048w\" sizes=\"(max-width: 960px) 100vw, 960px\" \/>\t\t\t\t\t\t\t\t\t\t\t\t\t\t\t<\/div>\n\t\t\t\t<\/div>\n\t\t\t\t\t<\/div>\n\t\t\t\t<\/div>\n\t\t<div class=\"elementor-element elementor-element-94fb27e e-flex e-con-boxed wpr-particle-no wpr-jarallax-no wpr-parallax-no wpr-sticky-section-no e-con e-parent\" data-id=\"94fb27e\" data-element_type=\"container\">\n\t\t\t\t\t<div class=\"e-con-inner\">\n\t\t<div class=\"elementor-element elementor-element-5b90bc3 e-con-full e-flex wpr-particle-no wpr-jarallax-no wpr-parallax-no wpr-sticky-section-no e-con e-child\" data-id=\"5b90bc3\" data-element_type=\"container\">\n\t\t\t\t<div class=\"elementor-element elementor-element-8f2c2c8 elementor-widget elementor-widget-text-editor\" data-id=\"8f2c2c8\" data-element_type=\"widget\" data-widget_type=\"text-editor.default\">\n\t\t\t\t\t\t\t\t\t<p><a href=\"https:\/\/www.segurospromo.com.br\/?utm_medium=afiliado&amp;pcrid=12862&amp;utm_source=banner&amp;pcrtt=parceiros_banner168\" target=\"_blank\" rel=\"noopener\"><br \/><img loading=\"lazy\" decoding=\"async\" style=\"height: 580px; width: 636px;\" src=\"https:\/\/storage.googleapis.com\/parceirospromo\/content\/banner\/854ccfd639014bb38a9a793a0093d0ce\/Banner Seguros - 336x280 - Copy 2.png\" alt=\"Seguro Viagem Viagem de Aventura\" width=\"636\" height=\"580\" border=\"0\" \/><br \/><\/a><\/p>\t\t\t\t\t\t\t\t<\/div>\n\t\t\t\t<\/div>\n\t\t<div class=\"elementor-element elementor-element-f25e6a4 e-con-full e-flex wpr-particle-no wpr-jarallax-no wpr-parallax-no wpr-sticky-section-no e-con e-child\" data-id=\"f25e6a4\" data-element_type=\"container\">\n\t\t\t\t<div class=\"elementor-element elementor-element-65c2e52 elementor-widget elementor-widget-text-editor\" data-id=\"65c2e52\" data-element_type=\"widget\" data-widget_type=\"text-editor.default\">\n\t\t\t\t\t\t\t\t\t<h3 data-path-to-node=\"8\"><strong>\ud83d\ude86 O Pulo do Gato: Nova York \u2794 Filad\u00e9lfia (&#8220;Trilho&#8221;)<\/strong><\/h3>\t\t\t\t\t\t\t\t<\/div>\n\t\t\t\t<div class=\"elementor-element elementor-element-46bbe92 elementor-widget elementor-widget-text-editor\" data-id=\"46bbe92\" data-element_type=\"widget\" data-widget_type=\"text-editor.default\">\n\t\t\t\t\t\t\t\t\t<ul><li><p data-path-to-node=\"10,0,0\"><b>A Estrat\u00e9gia:<\/b> Viaje de <b>Amtrak<\/b>. \u00c9 mais r\u00e1pido, confort\u00e1vel e deixa voc\u00ea no cora\u00e7\u00e3o da cidade (30th Street Station).<\/p><\/li><li><p data-path-to-node=\"10,1,0\"><span data-path-to-node=\"10,1,0,0\"><b>Dica Pro:<\/b> Guarde seu bilhete da Amtrak! Ele geralmente permite uma transfer\u00eancia gratuita (\u201cconnection\u201d) via trens regionais da SEPTA para as esta\u00e7\u00f5es do centro (Jefferson ou Suburban Station), deixando voc\u00ea na porta do seu hotel sem custo extra.<\/span><\/p><\/li><\/ul>\t\t\t\t\t\t\t\t<\/div>\n\t\t\t\t<\/div>\n\t\t\t\t\t<\/div>\n\t\t\t\t<\/div>\n\t\t<div class=\"elementor-element elementor-element-442e7a0 e-flex e-con-boxed wpr-particle-no wpr-jarallax-no wpr-parallax-no wpr-sticky-section-no e-con e-parent\" data-id=\"442e7a0\" data-element_type=\"container\">\n\t\t\t\t\t<div class=\"e-con-inner\">\n\t\t<div class=\"elementor-element elementor-element-8d9618b e-con-full e-flex wpr-particle-no wpr-jarallax-no wpr-parallax-no wpr-sticky-section-no e-con e-child\" data-id=\"8d9618b\" data-element_type=\"container\">\n\t\t\t\t<div class=\"elementor-element elementor-element-54abbd3 elementor-widget elementor-widget-text-editor\" data-id=\"54abbd3\" data-element_type=\"widget\" data-widget_type=\"text-editor.default\">\n\t\t\t\t\t\t\t\t\t<h4>Leia tamb\u00e9m: <a href=\"https:\/\/fasdainternet.com.br\/copa-do-mundo-fifa-2026-datas-sedes-jogos\/\" target=\"_blank\" rel=\"noopener\">Copa do Mundo FIFA 2026: datas, sedes e jogos<\/a><\/h4>\t\t\t\t\t\t\t\t<\/div>\n\t\t\t\t<\/div>\n\t\t\t\t\t<\/div>\n\t\t\t\t<\/div>\n\t\t<div class=\"elementor-element elementor-element-0a825db e-flex e-con-boxed wpr-particle-no wpr-jarallax-no wpr-parallax-no wpr-sticky-section-no e-con e-parent\" data-id=\"0a825db\" data-element_type=\"container\">\n\t\t\t\t\t<div class=\"e-con-inner\">\n\t\t<div class=\"elementor-element elementor-element-1d779bf e-con-full e-flex wpr-particle-no wpr-jarallax-no wpr-parallax-no wpr-sticky-section-no e-con e-child\" data-id=\"1d779bf\" data-element_type=\"container\">\n\t\t\t\t<div class=\"elementor-element elementor-element-3cc550f elementor-widget elementor-widget-heading\" data-id=\"3cc550f\" data-element_type=\"widget\" data-widget_type=\"heading.default\">\n\t\t\t\t\t<h2 class=\"elementor-heading-title elementor-size-default\">19\/06: Brasil vs. Haiti (Feriado Hist\u00f3rico)<\/h2>\t\t\t\t<\/div>\n\t\t\t\t<div class=\"elementor-element elementor-element-347f8a2 elementor-widget elementor-widget-text-editor\" data-id=\"347f8a2\" data-element_type=\"widget\" data-widget_type=\"text-editor.default\">\n\t\t\t\t\t\t\t\t\t<ul><li><p data-path-to-node=\"12,0,0\"><b>Onde:<\/b> Filad\u00e9lfia \u2014 Lincoln Financial Field.<\/p><\/li><li><p data-path-to-node=\"12,1,0\"><b>O Cen\u00e1rio:<\/b> O jogo cai no dia 19 de junho (<i>Juneteenth<\/i>), um feriado importante nos EUA. A cidade estar\u00e1 vibrante!<\/p><\/li><li><p data-path-to-node=\"12,2,0\"><span data-path-to-node=\"12,2,0,0\"><b>A Sacada de Mestre:<\/b> O est\u00e1dio fica no sul da cidade, longe do centro hist\u00f3rico. A melhor forma de chegar \u00e9 usando a linha de metr\u00f4 <b>Broad Street Line<\/b> (Linha Laranja), descendo na esta\u00e7\u00e3o final (NRG Station), a poucos passos dos port\u00f5es.<\/span><\/p><\/li><\/ul>\t\t\t\t\t\t\t\t<\/div>\n\t\t\t\t<\/div>\n\t\t<div class=\"elementor-element elementor-element-2bbcef4 e-con-full e-flex wpr-particle-no wpr-jarallax-no wpr-parallax-no wpr-sticky-section-no e-con e-child\" data-id=\"2bbcef4\" data-element_type=\"container\">\n\t\t\t\t<div class=\"elementor-element elementor-element-60e2ffc elementor-widget elementor-widget-image\" data-id=\"60e2ffc\" data-element_type=\"widget\" data-widget_type=\"image.default\">\n\t\t\t\t\t\t\t\t\t\t\t\t\t\t\t<img loading=\"lazy\" decoding=\"async\" width=\"960\" height=\"569\" src=\"https:\/\/expressomanini.com.br\/pacote-para-copa-do-mundo\/wp-content\/uploads\/2025\/12\/General-Graphic-3840-x-2160-8-1024x607.avif\" class=\"attachment-large size-large wp-image-6159\" alt=\"Gr\u00e1fico colorido da identidade visual da Copa do Mundo FIFA 2026. No centro, o n\u00famero &quot;26&quot; est\u00e1 escrito verticalmente em negrito preto, com o trof\u00e9u dourado da Copa do Mundo sobreposto ao centro e a palavra &quot;FIFA&quot; abaixo. O fundo apresenta um padr\u00e3o de ondas psicod\u00e9licas e sim\u00e9tricas em cores vibrantes como verde, amarelo, azul, turquesa e roxo.\" srcset=\"https:\/\/expressomanini.com.br\/pacote-para-copa-do-mundo\/wp-content\/uploads\/2025\/12\/General-Graphic-3840-x-2160-8-1024x607.avif 1024w, https:\/\/expressomanini.com.br\/pacote-para-copa-do-mundo\/wp-content\/uploads\/2025\/12\/General-Graphic-3840-x-2160-8-300x178.avif 300w, https:\/\/expressomanini.com.br\/pacote-para-copa-do-mundo\/wp-content\/uploads\/2025\/12\/General-Graphic-3840-x-2160-8-768x455.avif 768w, https:\/\/expressomanini.com.br\/pacote-para-copa-do-mundo\/wp-content\/uploads\/2025\/12\/General-Graphic-3840-x-2160-8.avif 1536w\" sizes=\"(max-width: 960px) 100vw, 960px\" \/>\t\t\t\t\t\t\t\t\t\t\t\t\t\t\t<\/div>\n\t\t\t\t<\/div>\n\t\t\t\t\t<\/div>\n\t\t\t\t<\/div>\n\t\t<div class=\"elementor-element elementor-element-31ee250 e-flex e-con-boxed wpr-particle-no wpr-jarallax-no wpr-parallax-no wpr-sticky-section-no e-con e-parent\" data-id=\"31ee250\" data-element_type=\"container\">\n\t\t\t\t\t<div class=\"e-con-inner\">\n\t\t<div class=\"elementor-element elementor-element-82b91b3 e-con-full e-flex wpr-particle-no wpr-jarallax-no wpr-parallax-no wpr-sticky-section-no e-con e-child\" data-id=\"82b91b3\" data-element_type=\"container\">\n\t\t\t\t<div class=\"elementor-element elementor-element-21bae72 elementor-widget elementor-widget-text-editor\" data-id=\"21bae72\" data-element_type=\"widget\" data-widget_type=\"text-editor.default\">\n\t\t\t\t\t\t\t\t\t<p><a href=\"https:\/\/www.segurospromo.com.br\/?utm_medium=afiliado&amp;pcrid=12862&amp;utm_source=banner&amp;pcrtt=parceiros_banner168\" target=\"_blank\" rel=\"noopener\"><br \/><img loading=\"lazy\" decoding=\"async\" style=\"height: 580px; width: 636px;\" src=\"https:\/\/storage.googleapis.com\/parceirospromo\/content\/banner\/854ccfd639014bb38a9a793a0093d0ce\/Banner Seguros - 336x280 - Copy 2.png\" alt=\"Seguro Viagem Viagem de Aventura\" width=\"636\" height=\"580\" border=\"0\" \/><br \/><\/a><\/p>\t\t\t\t\t\t\t\t<\/div>\n\t\t\t\t<\/div>\n\t\t<div class=\"elementor-element elementor-element-b86e443 e-con-full e-flex wpr-particle-no wpr-jarallax-no wpr-parallax-no wpr-sticky-section-no e-con e-child\" data-id=\"b86e443\" data-element_type=\"container\">\n\t\t\t\t<div class=\"elementor-element elementor-element-4371fbb elementor-widget elementor-widget-heading\" data-id=\"4371fbb\" data-element_type=\"widget\" data-widget_type=\"heading.default\">\n\t\t\t\t\t<h1 class=\"elementor-heading-title elementor-size-default\">A Mudan\u00e7a de Clima: Filad\u00e9lfia \u2794 Miami (\"Asas\")<\/h1>\t\t\t\t<\/div>\n\t\t\t\t<div class=\"elementor-element elementor-element-3f6c078 elementor-drop-cap-yes elementor-drop-cap-view-default elementor-widget elementor-widget-text-editor\" data-id=\"3f6c078\" data-element_type=\"widget\" data-settings=\"{&quot;drop_cap&quot;:&quot;yes&quot;}\" data-widget_type=\"text-editor.default\">\n\t\t\t\t\t\t\t\t\t<p><span data-path-to-node=\"14,0\">Aqui entra a segunda parte da estrat\u00e9gia. Deixar o nordeste e ir para a Fl\u00f3rida exige transporte a\u00e9reo. Tentar dirigir levaria quase 20 horas. Nossos pacotes j\u00e1 preveem voos estrat\u00e9gicos saindo da Filad\u00e9lfia (PHL) para Miami (MIA) ou Fort Lauderdale (FLL).<\/span><\/p>\t\t\t\t\t\t\t\t<\/div>\n\t\t\t\t<\/div>\n\t\t\t\t\t<\/div>\n\t\t\t\t<\/div>\n\t\t<div class=\"elementor-element elementor-element-00c2c5a e-flex e-con-boxed wpr-particle-no wpr-jarallax-no wpr-parallax-no wpr-sticky-section-no e-con e-parent\" data-id=\"00c2c5a\" data-element_type=\"container\">\n\t\t\t\t\t<div class=\"e-con-inner\">\n\t\t<div class=\"elementor-element elementor-element-58a37c2 e-con-full e-flex wpr-particle-no wpr-jarallax-no wpr-parallax-no wpr-sticky-section-no e-con e-child\" data-id=\"58a37c2\" data-element_type=\"container\">\n\t\t\t\t<div class=\"elementor-element elementor-element-3ad190c elementor-widget elementor-widget-heading\" data-id=\"3ad190c\" data-element_type=\"widget\" data-widget_type=\"heading.default\">\n\t\t\t\t\t<h2 class=\"elementor-heading-title elementor-size-default\">24\/06: Brasil vs. Esc\u00f3cia (Decis\u00e3o Tropical)<\/h2>\t\t\t\t<\/div>\n\t\t\t\t<div class=\"elementor-element elementor-element-da934b7 elementor-widget elementor-widget-text-editor\" data-id=\"da934b7\" data-element_type=\"widget\" data-widget_type=\"text-editor.default\">\n\t\t\t\t\t\t\t\t\t<ul><li><ul data-path-to-node=\"16\"><li><p data-path-to-node=\"16,0,0\"><b>Onde:<\/b> Miami \u2014 Hard Rock Stadium.<\/p><\/li><li><p data-path-to-node=\"16,1,0\"><span data-path-to-node=\"16,1,0,0\"><b>O Cen\u00e1rio:<\/b> Fim de junho na Fl\u00f3rida significa calor e chuvas tropicais.<\/span><\/p><div class=\"source-inline-chip-container ng-star-inserted\">\u00a0<\/div><\/li><li><p data-path-to-node=\"16,2,0\"><span data-path-to-node=\"16,2,0,0\"><b>A Sacada de Mestre:<\/b> O Hard Rock Stadium fica isolado no sub\u00farbio. Para evitar o caos dos estacionamentos e o pre\u00e7o din\u00e2mico do Uber, utilizaremos o <b>Brightline &#8220;End Zone Express&#8221;<\/b>. Este trem r\u00e1pido conecta o centro de Miami \u00e0 esta\u00e7\u00e3o de Aventura, onde um shuttle exclusivo leva os torcedores direto para o est\u00e1dio com ar-condicionado e conforto.<\/span><span data-path-to-node=\"16,2,0,2\"> Al\u00e9m disso, mapeamos os assentos no <b>Lado Sul<\/b> do est\u00e1dio, onde a sombra chega mais cedo, protegendo voc\u00ea do sol escaldante da Fl\u00f3rida.<\/span><\/p><\/li><\/ul><\/li><\/ul>\t\t\t\t\t\t\t\t<\/div>\n\t\t\t\t<\/div>\n\t\t<div class=\"elementor-element elementor-element-0e0539d e-con-full e-flex wpr-particle-no wpr-jarallax-no wpr-parallax-no wpr-sticky-section-no e-con e-child\" data-id=\"0e0539d\" data-element_type=\"container\">\n\t\t\t\t<div class=\"elementor-element elementor-element-eb12c27 elementor-widget elementor-widget-image\" data-id=\"eb12c27\" data-element_type=\"widget\" data-widget_type=\"image.default\">\n\t\t\t\t\t\t\t\t\t\t\t\t\t\t\t<img loading=\"lazy\" decoding=\"async\" width=\"960\" height=\"540\" src=\"https:\/\/expressomanini.com.br\/pacote-para-copa-do-mundo\/wp-content\/uploads\/2025\/12\/1-1024x576-1.webp\" class=\"attachment-large size-large wp-image-6171\" alt=\"Para acessibilidade e SEO: &quot;Banner promocional gr\u00e1fico com fundo azul escuro. \u00c0 esquerda, em texto branco grande: &#039;COPA 2026&#039;, seguido por &#039;SIGA O BRASIL&#039; e a data &#039;11 DE JUNHO - 19 DE JULHO&#039;. \u00c0 direita, uma montagem fotogr\u00e1fica destaca tr\u00eas jogadores da Sele\u00e7\u00e3o Brasileira com uniforme amarelo: Neymar no topo, Vin\u00edcius J\u00fanior abaixo dele e Raphinha ao lado, todos em movimento de jogo sobre um fundo de gramado verde recortado.&quot;\" srcset=\"https:\/\/expressomanini.com.br\/pacote-para-copa-do-mundo\/wp-content\/uploads\/2025\/12\/1-1024x576-1.webp 1024w, https:\/\/expressomanini.com.br\/pacote-para-copa-do-mundo\/wp-content\/uploads\/2025\/12\/1-1024x576-1-300x169.webp 300w, https:\/\/expressomanini.com.br\/pacote-para-copa-do-mundo\/wp-content\/uploads\/2025\/12\/1-1024x576-1-768x432.webp 768w\" sizes=\"(max-width: 960px) 100vw, 960px\" \/>\t\t\t\t\t\t\t\t\t\t\t\t\t\t\t<\/div>\n\t\t\t\t<\/div>\n\t\t\t\t\t<\/div>\n\t\t\t\t<\/div>\n\t\t<div class=\"elementor-element elementor-element-269d729 e-flex e-con-boxed wpr-particle-no wpr-jarallax-no wpr-parallax-no wpr-sticky-section-no e-con e-parent\" data-id=\"269d729\" data-element_type=\"container\">\n\t\t\t\t\t<div class=\"e-con-inner\">\n\t\t<div class=\"elementor-element elementor-element-4bcb420 e-grid e-con-full wpr-particle-no wpr-jarallax-no wpr-parallax-no wpr-sticky-section-no e-con e-child\" data-id=\"4bcb420\" data-element_type=\"container\">\n\t\t\t\t<div class=\"elementor-element elementor-element-b30439b elementor-widget elementor-widget-image\" data-id=\"b30439b\" data-element_type=\"widget\" data-widget_type=\"image.default\">\n\t\t\t\t\t\t\t\t\t\t\t\t\t\t\t<img loading=\"lazy\" decoding=\"async\" width=\"1080\" height=\"1350\" src=\"https:\/\/expressomanini.com.br\/pacote-para-copa-do-mundo\/wp-content\/uploads\/2025\/10\/Inserir-um-titulo2.webp\" class=\"attachment-full size-full wp-image-5121\" alt=\"Imagem promocional da Expresso Manini para uma viagem ao Thermas Di Roma. A foto mostra um grande tobo\u00e1gua de m\u00faltiplas pistas nas cores vermelho, branco e azul em um dia ensolarado de parque aqu\u00e1tico. O texto sobreposto informa o destino, as datas da viagem de 08 a 12 de fevereiro de 2026, e o pre\u00e7o a partir de R$ 1.800,00 por pessoa. Tamb\u00e9m inclui o telefone e o site da empresa para reservas.\" srcset=\"https:\/\/expressomanini.com.br\/pacote-para-copa-do-mundo\/wp-content\/uploads\/2025\/10\/Inserir-um-titulo2.webp 1080w, https:\/\/expressomanini.com.br\/pacote-para-copa-do-mundo\/wp-content\/uploads\/2025\/10\/Inserir-um-titulo2-240x300.webp 240w, https:\/\/expressomanini.com.br\/pacote-para-copa-do-mundo\/wp-content\/uploads\/2025\/10\/Inserir-um-titulo2-819x1024.webp 819w, https:\/\/expressomanini.com.br\/pacote-para-copa-do-mundo\/wp-content\/uploads\/2025\/10\/Inserir-um-titulo2-768x960.webp 768w\" sizes=\"(max-width: 1080px) 100vw, 1080px\" \/>\t\t\t\t\t\t\t\t\t\t\t\t\t\t\t<\/div>\n\t\t\t\t<div class=\"elementor-element elementor-element-460ba97 elementor-widget elementor-widget-image\" data-id=\"460ba97\" data-element_type=\"widget\" data-widget_type=\"image.default\">\n\t\t\t\t\t\t\t\t\t\t\t\t\t\t\t<img loading=\"lazy\" decoding=\"async\" width=\"1080\" height=\"1350\" src=\"https:\/\/expressomanini.com.br\/pacote-para-copa-do-mundo\/wp-content\/uploads\/2025\/12\/Riviera-Park-Hotel.webp\" class=\"attachment-full size-full wp-image-6120\" alt=\"Cartaz promocional de turismo para Caldas Novas. A imagem de fundo mostra uma \u00e1rea de lazer luxuosa com piscina azul, coqueiros e o edif\u00edcio do hotel Boulevard Su\u00edte ao fundo. No topo, em letras grandes amarelas: &quot;Caldas Novas&quot;, seguido por &quot;Boulevard Su\u00edte&quot; e &quot;Saindo de Bras\u00edlia&quot;. No canto inferior direito, sobre um fundo azul, l\u00ea-se: &quot;Valores Setembro, A partir de R$ 1400,00 Por pessoa&quot;. No canto inferior esquerdo, sobre fundo branco: &quot;Fa\u00e7a sua reserva (31) 9-8217-7428&quot; e o site &quot;www.expressomanini.com.br&quot;.\" srcset=\"https:\/\/expressomanini.com.br\/pacote-para-copa-do-mundo\/wp-content\/uploads\/2025\/12\/Riviera-Park-Hotel.webp 1080w, https:\/\/expressomanini.com.br\/pacote-para-copa-do-mundo\/wp-content\/uploads\/2025\/12\/Riviera-Park-Hotel-240x300.webp 240w, https:\/\/expressomanini.com.br\/pacote-para-copa-do-mundo\/wp-content\/uploads\/2025\/12\/Riviera-Park-Hotel-819x1024.webp 819w, https:\/\/expressomanini.com.br\/pacote-para-copa-do-mundo\/wp-content\/uploads\/2025\/12\/Riviera-Park-Hotel-768x960.webp 768w\" sizes=\"(max-width: 1080px) 100vw, 1080px\" \/>\t\t\t\t\t\t\t\t\t\t\t\t\t\t\t<\/div>\n\t\t\t\t<div class=\"elementor-element elementor-element-2fb4dbb elementor-widget elementor-widget-image\" data-id=\"2fb4dbb\" data-element_type=\"widget\" data-widget_type=\"image.default\">\n\t\t\t\t\t\t\t\t\t\t\t\t\t\t\t<img loading=\"lazy\" decoding=\"async\" width=\"421\" height=\"399\" src=\"https:\/\/expressomanini.com.br\/pacote-para-copa-do-mundo\/wp-content\/uploads\/2025\/09\/15e83749-aa86-4785-8187-bd5563c4c888.webp\" class=\"attachment-full size-full wp-image-5103\" alt=\"Vis\u00e3o de um pelot\u00e3o completo de carros de F\u00f3rmula 1 correndo juntos em uma curva de um circuito. Em primeiro plano, um carro vermelho da Ferrari, um prata da Mercedes e um azul escuro da Red Bull disputam posi\u00e7\u00e3o, com o restante do grid seguindo-os de perto.\" srcset=\"https:\/\/expressomanini.com.br\/pacote-para-copa-do-mundo\/wp-content\/uploads\/2025\/09\/15e83749-aa86-4785-8187-bd5563c4c888.webp 421w, https:\/\/expressomanini.com.br\/pacote-para-copa-do-mundo\/wp-content\/uploads\/2025\/09\/15e83749-aa86-4785-8187-bd5563c4c888-300x284.webp 300w\" sizes=\"(max-width: 421px) 100vw, 421px\" \/>\t\t\t\t\t\t\t\t\t\t\t\t\t\t\t<\/div>\n\t\t\t\t<\/div>\n\t\t\t\t\t<\/div>\n\t\t\t\t<\/div>\n\t\t\t\t<\/div>\n\t\t","protected":false},"excerpt":{"rendered":"<p>magine um lugar onde as \u00e1guas brotam da terra em temperaturas que podem chegar a 57\u00b0C, prometendo relaxamento e divers\u00e3o. Este lugar \u00e9 Caldas Novas, Goi\u00e1s, aclamada como a maior est\u00e2ncia hidrotermal do mundo. Um destino que recebe milh\u00f5es de visitas anualmente, de fam\u00edlias com crian\u00e7as a casais e grupos da terceira idade, todos em busca de suas \u00e1guas terap\u00eauticas.<\/p>\n","protected":false},"author":4,"featured_media":6171,"comment_status":"open","ping_status":"open","sticky":false,"template":"","format":"standard","meta":{"footnotes":""},"categories":[71,167,5,96],"tags":[99,100,101,102],"class_list":["post-4405","post","type-post","status-publish","format-standard","has-post-thumbnail","hentry","category-guia","category-clima","category-parque-aquatico","category-viagem","tag-journey","tag-offers","tag-pricing","tag-travelling"],"_links":{"self":[{"href":"https:\/\/expressomanini.com.br\/pacote-para-copa-do-mundo\/wp-json\/wp\/v2\/posts\/4405","targetHints":{"allow":["GET"]}}],"collection":[{"href":"https:\/\/expressomanini.com.br\/pacote-para-copa-do-mundo\/wp-json\/wp\/v2\/posts"}],"about":[{"href":"https:\/\/expressomanini.com.br\/pacote-para-copa-do-mundo\/wp-json\/wp\/v2\/types\/post"}],"author":[{"embeddable":true,"href":"https:\/\/expressomanini.com.br\/pacote-para-copa-do-mundo\/wp-json\/wp\/v2\/users\/4"}],"replies":[{"embeddable":true,"href":"https:\/\/expressomanini.com.br\/pacote-para-copa-do-mundo\/wp-json\/wp\/v2\/comments?post=4405"}],"version-history":[{"count":28,"href":"https:\/\/expressomanini.com.br\/pacote-para-copa-do-mundo\/wp-json\/wp\/v2\/posts\/4405\/revisions"}],"predecessor-version":[{"id":6206,"href":"https:\/\/expressomanini.com.br\/pacote-para-copa-do-mundo\/wp-json\/wp\/v2\/posts\/4405\/revisions\/6206"}],"wp:featuredmedia":[{"embeddable":true,"href":"https:\/\/expressomanini.com.br\/pacote-para-copa-do-mundo\/wp-json\/wp\/v2\/media\/6171"}],"wp:attachment":[{"href":"https:\/\/expressomanini.com.br\/pacote-para-copa-do-mundo\/wp-json\/wp\/v2\/media?parent=4405"}],"wp:term":[{"taxonomy":"category","embeddable":true,"href":"https:\/\/expressomanini.com.br\/pacote-para-copa-do-mundo\/wp-json\/wp\/v2\/categories?post=4405"},{"taxonomy":"post_tag","embeddable":true,"href":"https:\/\/expressomanini.com.br\/pacote-para-copa-do-mundo\/wp-json\/wp\/v2\/tags?post=4405"}],"curies":[{"name":"wp","href":"https:\/\/api.w.org\/{rel}","templated":true}]}}